{"id":796,"date":"2019-07-30T02:18:07","date_gmt":"2019-07-29T23:18:07","guid":{"rendered":"http:\/\/turha.net\/?p=796"},"modified":"2019-08-23T10:04:13","modified_gmt":"2019-08-23T07:04:13","slug":"classic","status":"publish","type":"post","link":"https:\/\/turha.net\/?p=796","title":{"rendered":"Classic"},"content":{"rendered":"\n<p>Laitoin threadin auki Classic-halukkuudesta. Itse ajattelin, ett\u00e4 paras kombo olisi menn\u00e4 isoon suomi-kiltaan porukalla. Ongelmana v\u00e4h\u00e4n on faction&#8230; Horde vai Alliance&#8230; Laittakaa ajatuksia ketjuun!<\/p>\n\n\n\n<p>Edit: Realmina Pyrewood &#8211; Horde <\/p>\n\n\n\n<p><\/p>\n\n\n\n<figure class=\"wp-block-image\"><img decoding=\"async\" src=\"https:\/\/pelaaja.fi\/sites\/default\/files\/styles\/paakuva_sisalto\/public\/kuvat_artikkeli\/wowclassic_0_0_0_0.png?itok=qj_rs4-6\" alt=\"\"\/><\/figure>\n","protected":false},"excerpt":{"rendered":"<p>Laitoin threadin auki Classic-halukkuudesta. Itse ajattelin, ett\u00e4 paras kombo olisi menn\u00e4 isoon suomi-kiltaan porukalla. Ongelmana v\u00e4h\u00e4n on faction&#8230; Horde vai Alliance&#8230; Laittakaa ajatuksia ketjuun! Edit: Realmina Pyrewood &#8211; Horde<\/p>\n","protected":false},"author":2,"featured_media":0,"comment_status":"closed","ping_status":"closed","sticky":false,"template":"","format":"standard","meta":{"_bbp_topic_count":0,"_bbp_reply_count":0,"_bbp_total_topic_count":0,"_bbp_total_reply_count":0,"_bbp_voice_count":0,"_bbp_anonymous_reply_count":0,"_bbp_topic_count_hidden":0,"_bbp_reply_count_hidden":0,"_bbp_forum_subforum_count":0,"jetpack_post_was_ever_published":false,"jetpack_publicize_message":"","jetpack_is_tweetstorm":false,"jetpack_publicize_feature_enabled":true,"jetpack_social_options":[]},"categories":[8],"tags":[],"jetpack_publicize_connections":[],"jetpack_featured_media_url":"","jetpack_shortlink":"https:\/\/wp.me\/s5cjqN-classic","jetpack_sharing_enabled":true,"_links":{"self":[{"href":"https:\/\/turha.net\/index.php?rest_route=\/wp\/v2\/posts\/796"}],"collection":[{"href":"https:\/\/turha.net\/index.php?rest_route=\/wp\/v2\/posts"}],"about":[{"href":"https:\/\/turha.net\/index.php?rest_route=\/wp\/v2\/types\/post"}],"author":[{"embeddable":true,"href":"https:\/\/turha.net\/index.php?rest_route=\/wp\/v2\/users\/2"}],"replies":[{"embeddable":true,"href":"https:\/\/turha.net\/index.php?rest_route=%2Fwp%2Fv2%2Fcomments&post=796"}],"version-history":[{"count":2,"href":"https:\/\/turha.net\/index.php?rest_route=\/wp\/v2\/posts\/796\/revisions"}],"predecessor-version":[{"id":826,"href":"https:\/\/turha.net\/index.php?rest_route=\/wp\/v2\/posts\/796\/revisions\/826"}],"wp:attachment":[{"href":"https:\/\/turha.net\/index.php?rest_route=%2Fwp%2Fv2%2Fmedia&parent=796"}],"wp:term":[{"taxonomy":"category","embeddable":true,"href":"https:\/\/turha.net\/index.php?rest_route=%2Fwp%2Fv2%2Fcategories&post=796"},{"taxonomy":"post_tag","embeddable":true,"href":"https:\/\/turha.net\/index.php?rest_route=%2Fwp%2Fv2%2Ftags&post=796"}],"curies":[{"name":"wp","href":"https:\/\/api.w.org\/{rel}","templated":true}]}}