{"id":745,"date":"2018-08-02T14:44:43","date_gmt":"2018-08-02T11:44:43","guid":{"rendered":"http:\/\/turha.net\/?p=745"},"modified":"2018-08-02T14:44:43","modified_gmt":"2018-08-02T11:44:43","slug":"battle-for-azeroth-aikataulut","status":"publish","type":"post","link":"https:\/\/turha.net\/?p=745","title":{"rendered":"Battle for Azeroth aikataulut !"},"content":{"rendered":"<p>Battle for Azeroth julkaistaan 14.8.2018 ja Uldir raid aukeaa 5.9. resetiss\u00e4!<\/p>\n<p>&nbsp;<\/p>\n<p>Lis\u00e4\u00e4 p\u00e4iv\u00e4m\u00e4\u00e4ri\u00e4 Blizzardin postauksessa:<\/p>\n<p><a href=\"https:\/\/worldofwarcraft.com\/en-gb\/news\/21964423\" target=\"_blank\" rel=\"noopener\">https:\/\/worldofwarcraft.com\/en-gb\/news\/21964423<\/a><\/p>\n<p>&nbsp;<\/p>\n<p><img decoding=\"async\" loading=\"lazy\" class=\"alignnone \" src=\"https:\/\/d3isma7snj3lcx.cloudfront.net\/optim\/images\/news\/30\/3050807441\/world-of-warcraft-prepare-battle-for-azeroth-avec-la-mise-a-jour-8-0-43362ab8__930_300__0-576-2400-1350.jpg\" width=\"636\" height=\"205\" \/><\/p>\n","protected":false},"excerpt":{"rendered":"<p>Battle for Azeroth julkaistaan 14.8.2018 ja Uldir raid aukeaa 5.9. resetiss\u00e4! &nbsp; Lis\u00e4\u00e4 p\u00e4iv\u00e4m\u00e4\u00e4ri\u00e4 Blizzardin postauksessa: https:\/\/worldofwarcraft.com\/en-gb\/news\/21964423 &nbsp;<\/p>\n","protected":false},"author":2,"featured_media":0,"comment_status":"closed","ping_status":"closed","sticky":false,"template":"","format":"standard","meta":{"_bbp_topic_count":0,"_bbp_reply_count":0,"_bbp_total_topic_count":0,"_bbp_total_reply_count":0,"_bbp_voice_count":0,"_bbp_anonymous_reply_count":0,"_bbp_topic_count_hidden":0,"_bbp_reply_count_hidden":0,"_bbp_forum_subforum_count":0,"jetpack_post_was_ever_published":false,"jetpack_publicize_message":"","jetpack_is_tweetstorm":false,"jetpack_publicize_feature_enabled":true,"jetpack_social_options":[]},"categories":[8],"tags":[],"jetpack_publicize_connections":[],"jetpack_featured_media_url":"","jetpack_shortlink":"https:\/\/wp.me\/p5cjqN-c1","jetpack_sharing_enabled":true,"_links":{"self":[{"href":"https:\/\/turha.net\/index.php?rest_route=\/wp\/v2\/posts\/745"}],"collection":[{"href":"https:\/\/turha.net\/index.php?rest_route=\/wp\/v2\/posts"}],"about":[{"href":"https:\/\/turha.net\/index.php?rest_route=\/wp\/v2\/types\/post"}],"author":[{"embeddable":true,"href":"https:\/\/turha.net\/index.php?rest_route=\/wp\/v2\/users\/2"}],"replies":[{"embeddable":true,"href":"https:\/\/turha.net\/index.php?rest_route=%2Fwp%2Fv2%2Fcomments&post=745"}],"version-history":[{"count":1,"href":"https:\/\/turha.net\/index.php?rest_route=\/wp\/v2\/posts\/745\/revisions"}],"predecessor-version":[{"id":746,"href":"https:\/\/turha.net\/index.php?rest_route=\/wp\/v2\/posts\/745\/revisions\/746"}],"wp:attachment":[{"href":"https:\/\/turha.net\/index.php?rest_route=%2Fwp%2Fv2%2Fmedia&parent=745"}],"wp:term":[{"taxonomy":"category","embeddable":true,"href":"https:\/\/turha.net\/index.php?rest_route=%2Fwp%2Fv2%2Fcategories&post=745"},{"taxonomy":"post_tag","embeddable":true,"href":"https:\/\/turha.net\/index.php?rest_route=%2Fwp%2Fv2%2Ftags&post=745"}],"curies":[{"name":"wp","href":"https:\/\/api.w.org\/{rel}","templated":true}]}}