{"id":212,"date":"2014-07-30T00:44:29","date_gmt":"2014-07-29T21:44:29","guid":{"rendered":"http:\/\/turha.net\/?p=212"},"modified":"2014-10-10T10:39:40","modified_gmt":"2014-10-10T07:39:40","slug":"milta-oma-hahmo-nayttaa-warlordsissa","status":"publish","type":"post","link":"https:\/\/turha.net\/?p=212","title":{"rendered":"Milt\u00e4 oma hahmo n\u00e4ytt\u00e4\u00e4 Warlordsissa"},"content":{"rendered":"<p>Uudet character modelit l\u00f6ytyv\u00e4t wowheadista ja sielt\u00e4 voi kurkata milt\u00e4 oma hahmo n\u00e4ytt\u00e4\u00e4 Warlords of Draenorissa.<\/p>\n<p><a href=\"http:\/\/www.wowhead.com\/list\">http:\/\/www.wowhead.com\/list<\/a><\/p>\n<p><a href=\"http:\/\/turha.net\/wordpress\/wp-content\/uploads\/2014\/07\/pastafariwod.jpg\"><img decoding=\"async\" loading=\"lazy\" class=\"alignnone size-medium wp-image-215\" src=\"http:\/\/turha.net\/wordpress\/wp-content\/uploads\/2014\/07\/pastafariwod-300x235.jpg\" alt=\"pastafariwod\" width=\"300\" height=\"235\" srcset=\"https:\/\/turha.net\/wordpress\/wp-content\/uploads\/2014\/07\/pastafariwod-300x235.jpg 300w, https:\/\/turha.net\/wordpress\/wp-content\/uploads\/2014\/07\/pastafariwod.jpg 1008w\" sizes=\"(max-width: 300px) 100vw, 300px\" \/><\/a><\/p>\n","protected":false},"excerpt":{"rendered":"<p>Uudet character modelit l\u00f6ytyv\u00e4t wowheadista ja sielt\u00e4 voi kurkata milt\u00e4 oma hahmo n\u00e4ytt\u00e4\u00e4 Warlords of Draenorissa. http:\/\/www.wowhead.com\/list<\/p>\n","protected":false},"author":2,"featured_media":0,"comment_status":"closed","ping_status":"closed","sticky":false,"template":"","format":"standard","meta":{"_bbp_topic_count":0,"_bbp_reply_count":0,"_bbp_total_topic_count":0,"_bbp_total_reply_count":0,"_bbp_voice_count":0,"_bbp_anonymous_reply_count":0,"_bbp_topic_count_hidden":0,"_bbp_reply_count_hidden":0,"_bbp_forum_subforum_count":0,"jetpack_post_was_ever_published":false,"jetpack_publicize_message":"","jetpack_is_tweetstorm":false,"jetpack_publicize_feature_enabled":true,"jetpack_social_options":[]},"categories":[1],"tags":[],"jetpack_publicize_connections":[],"jetpack_featured_media_url":"","jetpack_shortlink":"https:\/\/wp.me\/p5cjqN-3q","jetpack_sharing_enabled":true,"_links":{"self":[{"href":"https:\/\/turha.net\/index.php?rest_route=\/wp\/v2\/posts\/212"}],"collection":[{"href":"https:\/\/turha.net\/index.php?rest_route=\/wp\/v2\/posts"}],"about":[{"href":"https:\/\/turha.net\/index.php?rest_route=\/wp\/v2\/types\/post"}],"author":[{"embeddable":true,"href":"https:\/\/turha.net\/index.php?rest_route=\/wp\/v2\/users\/2"}],"replies":[{"embeddable":true,"href":"https:\/\/turha.net\/index.php?rest_route=%2Fwp%2Fv2%2Fcomments&post=212"}],"version-history":[{"count":4,"href":"https:\/\/turha.net\/index.php?rest_route=\/wp\/v2\/posts\/212\/revisions"}],"predecessor-version":[{"id":217,"href":"https:\/\/turha.net\/index.php?rest_route=\/wp\/v2\/posts\/212\/revisions\/217"}],"wp:attachment":[{"href":"https:\/\/turha.net\/index.php?rest_route=%2Fwp%2Fv2%2Fmedia&parent=212"}],"wp:term":[{"taxonomy":"category","embeddable":true,"href":"https:\/\/turha.net\/index.php?rest_route=%2Fwp%2Fv2%2Fcategories&post=212"},{"taxonomy":"post_tag","embeddable":true,"href":"https:\/\/turha.net\/index.php?rest_route=%2Fwp%2Fv2%2Ftags&post=212"}],"curies":[{"name":"wp","href":"https:\/\/api.w.org\/{rel}","templated":true}]}}